{"id":1741,"date":"2025-08-11T10:00:00","date_gmt":"2025-08-11T08:00:00","guid":{"rendered":"https:\/\/blog.stolcomfort.com\/?p=1741"},"modified":"2025-09-02T16:21:50","modified_gmt":"2025-09-02T14:21:50","slug":"sommar-sol-cykel-varfor-ratt-cykelsadel-ar-lika-viktigt-som-en-bra-kontorsstol","status":"publish","type":"post","link":"https:\/\/blog.stolcomfort.com\/sv\/sommar-sol-cykel-varfor-ratt-cykelsadel-ar-lika-viktigt-som-en-bra-kontorsstol\/","title":{"rendered":"Sommar, sol, cykel: Varf\u00f6r r\u00e4tt cykelsadel \u00e4r lika viktigt som en bra kontorsstol"},"content":{"rendered":"\n<p><\/p>\n\n\n\n<p>Temperaturerna stiger, semestern b\u00f6rjar \u2013 och m\u00e5nga av oss tillbringar nu mer tid p\u00e5 cykeln igen. Oavsett om det \u00e4r p\u00e5 v\u00e4g till jobbet, p\u00e5 helgutflykter eller p\u00e5 den stora cykelturen: den som vill sitta bekv\u00e4mt och sm\u00e4rtfritt p\u00e5 cykeln b\u00f6r \u00e4gna mer uppm\u00e4rksamhet \u00e5t cykelsadeln. F\u00f6r precis som med kontorsstolen g\u00e4ller \u00e4ven h\u00e4r: sittkomforten avg\u00f6r v\u00e4lbefinnande, uth\u00e5llighet och till och med h\u00e4lsa.<\/p>\n\n\n\n<h2 class=\"wp-block-heading\">Varf\u00f6r sadeln \u00e4r den viktigaste delen p\u00e5 cykeln<\/h2>\n\n\n\n<p>Sadeln \u00e4r \u2013 tillsammans med styret och pedalerna \u2013 en av de tre kontaktpunkterna mellan m\u00e4nniskan och cykeln. Den b\u00e4r dessutom upp st\u00f6rre delen av kroppsvikten. En d\u00e5ligt anpassad eller felaktigt inst\u00e4lld sadel leder snabbt till sm\u00e4rta i s\u00e4tet, ryggen eller till och med domningar. F\u00f6ljden blir kortare turer, frustration och on\u00f6dig belastning p\u00e5 kroppen. Precis som med kontorsstolar kan en felaktig sittst\u00e4llning p\u00e5 sikt orsaka besv\u00e4r \u2013 eller f\u00f6rv\u00e4rra befintliga besv\u00e4r.<\/p>\n\n\n\n<h3 class=\"wp-block-heading\">Vad k\u00e4nnetecknar en bra cykelsadel?<\/h3>\n\n\n\n<p>En bra sadel m\u00e5ste passa dig \u2013 inte bara cykeln. F\u00f6ljande faktorer spelar en viktig roll:<\/p>\n\n\n\n<ul class=\"wp-block-list\">\n<li>Sittbenavst\u00e5nd: Alla m\u00e4nniskor har en individuell anatomi. Avst\u00e5ndet mellan sittbenen avg\u00f6r hur bred sadeln ska vara.<\/li>\n\n\n\n<li>Anv\u00e4ndningsomr\u00e5de: En sportig sadel f\u00f6r racercykel eller mountainbike skiljer sig avsev\u00e4rt fr\u00e5n en bekv\u00e4m trekking- eller citysadel.<\/li>\n\n\n\n<li>Stoppning och form: Mer stoppning \u00e4r inte automatiskt b\u00e4ttre. Det \u00e4r viktigt att trycket f\u00f6rdelas p\u00e5 sittbenen \u2013 inte p\u00e5 k\u00e4nsliga mjuka delar.<\/li>\n\n\n\n<li>Material och ventilation: Just p\u00e5 sommaren spelar andningsf\u00f6rm\u00e5gan en stor roll. M\u00e5nga sadlar har ventilationskanaler eller special\u00f6verdrag.<\/li>\n<\/ul>\n\n\n\n<h3 class=\"wp-block-heading\">Exkurs: Varf\u00f6r mjuka sadlar ofta \u00e4r obekv\u00e4ma<\/h3>\n\n\n\n<p>Mjukt vadderade sadlar verkar bekv\u00e4ma vid f\u00f6rsta anblicken, men \u00e4r oftast inte ett bra val f\u00f6r l\u00e4ngre str\u00e4ckor. Anledningen \u00e4r att<\/p>\n\n\n\n<ul class=\"wp-block-list\">\n<li>Man sjunker ner, trycket flyttas till k\u00e4nsliga mjuka delar ist\u00e4llet f\u00f6r till sittbenen.<\/li>\n\n\n\n<li>Det uppst\u00e5r mer friktion \u2013 vilket orsakar skavs\u00e5r och bl\u00e5sor.<\/li>\n\n\n\n<li>Kroppen sitter instabilt, vilket belastar ryggmuskulaturen och b\u00e4ckenet.<\/li>\n<\/ul>\n\n\n\n<p>En fast vadderad eller h\u00e5rd sadel som \u00e4r anatomiskt anpassad ger b\u00e4ttre komfort p\u00e5 l\u00e5ng sikt \u2013 precis som en v\u00e4ljusterad, ergonomisk kontorsstol.<\/p>\n\n\n\n<h2 class=\"wp-block-heading\">S\u00e5 sitter du r\u00e4tt: tips f\u00f6r sadeljustering<\/h2>\n\n\n\n<p>En h\u00f6gkvalitativ sadel \u00e4r till liten nytta om den inte \u00e4r korrekt inst\u00e4lld. T\u00e4nk p\u00e5 f\u00f6ljande:<\/p>\n\n\n\n<ul class=\"wp-block-list\">\n<li>H\u00f6jd: Benet ska vara n\u00e4stan rakt i l\u00e4gsta pedalposition, men kn\u00e4et ska vara l\u00e4tt b\u00f6jt.<\/li>\n\n\n\n<li>Lutning: Sadel ska vara horisontell eller lutad n\u00e5got fram\u00e5t. En f\u00f6r stark lutning fram\u00e5t eller bak\u00e5t leder till felaktig h\u00e5llning.<\/li>\n\n\n\n<li>Position: Avst\u00e5ndet till styret p\u00e5verkar ryggens och axlarnas h\u00e5llning. Testa vad som \u00e4r mest bekv\u00e4mt f\u00f6r dig. Du kan \u00e4ndra positionen med ett specialformat styre eller en kortare\/l\u00e4ngre eller annorlunda vinklad styrstam.<\/li>\n<\/ul>\n\n\n\n<h3 class=\"wp-block-heading\">Vid k\u00f6p: lyssna p\u00e5 kroppen \u2013 och provcykla<\/h3>\n\n\n\n<p>Precis som med en bra kontorsstol g\u00e4ller \u00e4ven h\u00e4r: prova f\u00f6re k\u00f6p. M\u00e5nga fackhandlare erbjuder m\u00e4tning av sittbensavst\u00e5ndet eller till och med provmodeller. T\u00e4nk p\u00e5 f\u00f6ljande n\u00e4r du k\u00f6per:<\/p>\n\n\n\n<ul class=\"wp-block-list\">\n<li>Personliga sittvanor (uppr\u00e4tt vs. sportig)<\/li>\n\n\n\n<li>Kroppsvikt och l\u00e4ngd<\/li>\n\n\n\n<li>Hur ofta och hur l\u00e4nge du cyklar<\/li>\n\n\n\n<li>Materialets kvalitet<\/li>\n<\/ul>\n\n\n\n<hr class=\"wp-block-separator has-alpha-channel-opacity\"\/>\n\n\n\n<div class=\"wp-block-media-text is-stacked-on-mobile\" style=\"grid-template-columns:35% auto\"><figure class=\"wp-block-media-text__media\"><img loading=\"lazy\" decoding=\"async\" width=\"362\" height=\"362\" src=\"https:\/\/blog.stolcomfort.com\/wp-content\/uploads\/2025\/08\/Conclusion.png\" alt=\"\" class=\"wp-image-1735 size-full\" srcset=\"https:\/\/blog.stolcomfort.com\/wp-content\/uploads\/2025\/08\/Conclusion.png 362w, https:\/\/blog.stolcomfort.com\/wp-content\/uploads\/2025\/08\/Conclusion-300x300.png 300w, https:\/\/blog.stolcomfort.com\/wp-content\/uploads\/2025\/08\/Conclusion-150x150.png 150w\" sizes=\"auto, (max-width: 362px) 100vw, 362px\" \/><\/figure><div class=\"wp-block-media-text__content\">\n<h2 class=\"wp-block-heading\">Slutsats:<\/h2>\n\n\n\n<p>R\u00e4tt sadel g\u00f6r en cykeltur till en sommarupplevelse \u2013 ist\u00e4llet f\u00f6r en pl\u00e5ga. Den som redan satsar p\u00e5 ergonomiskt sittande p\u00e5 arbetsplatsen b\u00f6r inte avst\u00e5 fr\u00e5n det p\u00e5 cykeln. F\u00f6r bra sittande slutar inte vid skrivbordet.<\/p>\n\n\n\n<p><strong>Vi \u00f6nskar dig en avkopplande sommar \u2013 p\u00e5 cykeln och p\u00e5 kontoret!<\/strong><\/p>\n<\/div><\/div>\n\n\n\n<p><\/p>\n","protected":false},"excerpt":{"rendered":"<p>Temperaturerna stiger, semestern b\u00f6rjar \u2013 och m\u00e5nga av oss tillbringar nu mer tid p\u00e5 cykeln igen. Oavsett om det \u00e4r p\u00e5 v\u00e4g till jobbet, p\u00e5...<\/p>\n","protected":false},"author":8,"featured_media":1676,"comment_status":"open","ping_status":"open","sticky":false,"template":"","format":"standard","meta":{"footnotes":""},"categories":[35,38,32],"tags":[],"class_list":["post-1741","post","type-post","status-publish","format-standard","has-post-thumbnail","hentry","category-arbetstips","category-kontorsstolsguide","category-rygghaelsa"],"yoast_head":"<!-- This site is optimized with the Yoast SEO plugin v23.6 - https:\/\/yoast.com\/wordpress\/plugins\/seo\/ -->\n<title>Sommar, sol, cykel: Varf\u00f6r r\u00e4tt cykelsadel \u00e4r lika viktigt som en bra kontorsstol - Stolcomfort Blog<\/title>\n<meta name=\"robots\" content=\"index, follow, max-snippet:-1, max-image-preview:large, max-video-preview:-1\" \/>\n<link rel=\"canonical\" href=\"https:\/\/blog.stolcomfort.com\/sv\/sommar-sol-cykel-varfor-ratt-cykelsadel-ar-lika-viktigt-som-en-bra-kontorsstol\/\" \/>\n<meta property=\"og:locale\" content=\"sv_SE\" \/>\n<meta property=\"og:type\" content=\"article\" \/>\n<meta property=\"og:title\" content=\"Sommar, sol, cykel: Varf\u00f6r r\u00e4tt cykelsadel \u00e4r lika viktigt som en bra kontorsstol - Stolcomfort Blog\" \/>\n<meta property=\"og:description\" content=\"Temperaturerna stiger, semestern b\u00f6rjar \u2013 och m\u00e5nga av oss tillbringar nu mer tid p\u00e5 cykeln igen. Oavsett om det \u00e4r p\u00e5 v\u00e4g till jobbet, p\u00e5...\" \/>\n<meta property=\"og:url\" content=\"https:\/\/blog.stolcomfort.com\/sv\/sommar-sol-cykel-varfor-ratt-cykelsadel-ar-lika-viktigt-som-en-bra-kontorsstol\/\" \/>\n<meta property=\"og:site_name\" content=\"Stolcomfort Blog\" \/>\n<meta property=\"article:publisher\" content=\"https:\/\/www.facebook.com\/Svenstol\/\" \/>\n<meta property=\"article:published_time\" content=\"2025-08-11T08:00:00+00:00\" \/>\n<meta property=\"article:modified_time\" content=\"2025-09-02T14:21:50+00:00\" \/>\n<meta property=\"og:image\" content=\"https:\/\/blog.stolcomfort.com\/wp-content\/uploads\/2025\/07\/fahrradfahrer-1.jpg\" \/>\n\t<meta property=\"og:image:width\" content=\"1200\" \/>\n\t<meta property=\"og:image:height\" content=\"700\" \/>\n\t<meta property=\"og:image:type\" content=\"image\/jpeg\" \/>\n<meta name=\"author\" content=\"creative feat\" \/>\n<meta name=\"twitter:card\" content=\"summary_large_image\" \/>\n<meta name=\"twitter:label1\" content=\"Skriven av\" \/>\n\t<meta name=\"twitter:data1\" content=\"creative feat\" \/>\n\t<meta name=\"twitter:label2\" content=\"Ber\u00e4knad l\u00e4stid\" \/>\n\t<meta name=\"twitter:data2\" content=\"4 minuter\" \/>\n<script type=\"application\/ld+json\" class=\"yoast-schema-graph\">{\"@context\":\"https:\/\/schema.org\",\"@graph\":[{\"@type\":\"Article\",\"@id\":\"https:\/\/blog.stolcomfort.com\/sv\/sommar-sol-cykel-varfor-ratt-cykelsadel-ar-lika-viktigt-som-en-bra-kontorsstol\/#article\",\"isPartOf\":{\"@id\":\"https:\/\/blog.stolcomfort.com\/sv\/sommar-sol-cykel-varfor-ratt-cykelsadel-ar-lika-viktigt-som-en-bra-kontorsstol\/\"},\"author\":{\"name\":\"creative feat\",\"@id\":\"https:\/\/blog.stolcomfort.com\/sv\/#\/schema\/person\/71f0e96663221d8bfd2739fec42ffe33\"},\"headline\":\"Sommar, sol, cykel: Varf\u00f6r r\u00e4tt cykelsadel \u00e4r lika viktigt som en bra kontorsstol\",\"datePublished\":\"2025-08-11T08:00:00+00:00\",\"dateModified\":\"2025-09-02T14:21:50+00:00\",\"mainEntityOfPage\":{\"@id\":\"https:\/\/blog.stolcomfort.com\/sv\/sommar-sol-cykel-varfor-ratt-cykelsadel-ar-lika-viktigt-som-en-bra-kontorsstol\/\"},\"wordCount\":631,\"commentCount\":0,\"publisher\":{\"@id\":\"https:\/\/blog.stolcomfort.com\/sv\/#organization\"},\"image\":{\"@id\":\"https:\/\/blog.stolcomfort.com\/sv\/sommar-sol-cykel-varfor-ratt-cykelsadel-ar-lika-viktigt-som-en-bra-kontorsstol\/#primaryimage\"},\"thumbnailUrl\":\"https:\/\/blog.stolcomfort.com\/wp-content\/uploads\/2025\/07\/fahrradfahrer-1.jpg\",\"articleSection\":[\"Arbeitstips\",\"Kontorsstolsguide\",\"Ryggh\u00e4lsa\"],\"inLanguage\":\"sv-SE\",\"potentialAction\":[{\"@type\":\"CommentAction\",\"name\":\"Comment\",\"target\":[\"https:\/\/blog.stolcomfort.com\/sv\/sommar-sol-cykel-varfor-ratt-cykelsadel-ar-lika-viktigt-som-en-bra-kontorsstol\/#respond\"]}]},{\"@type\":\"WebPage\",\"@id\":\"https:\/\/blog.stolcomfort.com\/sv\/sommar-sol-cykel-varfor-ratt-cykelsadel-ar-lika-viktigt-som-en-bra-kontorsstol\/\",\"url\":\"https:\/\/blog.stolcomfort.com\/sv\/sommar-sol-cykel-varfor-ratt-cykelsadel-ar-lika-viktigt-som-en-bra-kontorsstol\/\",\"name\":\"Sommar, sol, cykel: Varf\u00f6r r\u00e4tt cykelsadel \u00e4r lika viktigt som en bra kontorsstol - Stolcomfort Blog\",\"isPartOf\":{\"@id\":\"https:\/\/blog.stolcomfort.com\/sv\/#website\"},\"primaryImageOfPage\":{\"@id\":\"https:\/\/blog.stolcomfort.com\/sv\/sommar-sol-cykel-varfor-ratt-cykelsadel-ar-lika-viktigt-som-en-bra-kontorsstol\/#primaryimage\"},\"image\":{\"@id\":\"https:\/\/blog.stolcomfort.com\/sv\/sommar-sol-cykel-varfor-ratt-cykelsadel-ar-lika-viktigt-som-en-bra-kontorsstol\/#primaryimage\"},\"thumbnailUrl\":\"https:\/\/blog.stolcomfort.com\/wp-content\/uploads\/2025\/07\/fahrradfahrer-1.jpg\",\"datePublished\":\"2025-08-11T08:00:00+00:00\",\"dateModified\":\"2025-09-02T14:21:50+00:00\",\"breadcrumb\":{\"@id\":\"https:\/\/blog.stolcomfort.com\/sv\/sommar-sol-cykel-varfor-ratt-cykelsadel-ar-lika-viktigt-som-en-bra-kontorsstol\/#breadcrumb\"},\"inLanguage\":\"sv-SE\",\"potentialAction\":[{\"@type\":\"ReadAction\",\"target\":[\"https:\/\/blog.stolcomfort.com\/sv\/sommar-sol-cykel-varfor-ratt-cykelsadel-ar-lika-viktigt-som-en-bra-kontorsstol\/\"]}]},{\"@type\":\"ImageObject\",\"inLanguage\":\"sv-SE\",\"@id\":\"https:\/\/blog.stolcomfort.com\/sv\/sommar-sol-cykel-varfor-ratt-cykelsadel-ar-lika-viktigt-som-en-bra-kontorsstol\/#primaryimage\",\"url\":\"https:\/\/blog.stolcomfort.com\/wp-content\/uploads\/2025\/07\/fahrradfahrer-1.jpg\",\"contentUrl\":\"https:\/\/blog.stolcomfort.com\/wp-content\/uploads\/2025\/07\/fahrradfahrer-1.jpg\",\"width\":1200,\"height\":700},{\"@type\":\"BreadcrumbList\",\"@id\":\"https:\/\/blog.stolcomfort.com\/sv\/sommar-sol-cykel-varfor-ratt-cykelsadel-ar-lika-viktigt-som-en-bra-kontorsstol\/#breadcrumb\",\"itemListElement\":[{\"@type\":\"ListItem\",\"position\":1,\"name\":\"Kontorsstolsguide\",\"item\":\"https:\/\/blog.stolcomfort.com\/sv\/kategorie\/kontorsstolsguide\/\"},{\"@type\":\"ListItem\",\"position\":2,\"name\":\"Sommar, sol, cykel: Varf\u00f6r r\u00e4tt cykelsadel \u00e4r lika viktigt som en bra kontorsstol\"}]},{\"@type\":\"WebSite\",\"@id\":\"https:\/\/blog.stolcomfort.com\/sv\/#website\",\"url\":\"https:\/\/blog.stolcomfort.com\/sv\/\",\"name\":\"StolComfort GmbH | offizieller Blog\",\"description\":\"\",\"publisher\":{\"@id\":\"https:\/\/blog.stolcomfort.com\/sv\/#organization\"},\"potentialAction\":[{\"@type\":\"SearchAction\",\"target\":{\"@type\":\"EntryPoint\",\"urlTemplate\":\"https:\/\/blog.stolcomfort.com\/sv\/?s={search_term_string}\"},\"query-input\":{\"@type\":\"PropertyValueSpecification\",\"valueRequired\":true,\"valueName\":\"search_term_string\"}}],\"inLanguage\":\"sv-SE\"},{\"@type\":\"Organization\",\"@id\":\"https:\/\/blog.stolcomfort.com\/sv\/#organization\",\"name\":\"StolComfort GmbH\",\"url\":\"https:\/\/blog.stolcomfort.com\/sv\/\",\"logo\":{\"@type\":\"ImageObject\",\"inLanguage\":\"sv-SE\",\"@id\":\"https:\/\/blog.stolcomfort.com\/sv\/#\/schema\/logo\/image\/\",\"url\":\"https:\/\/blog.stolcomfort.com\/wp-content\/uploads\/2024\/07\/stolcomfort-logo.jpg\",\"contentUrl\":\"https:\/\/blog.stolcomfort.com\/wp-content\/uploads\/2024\/07\/stolcomfort-logo.jpg\",\"width\":696,\"height\":696,\"caption\":\"StolComfort GmbH\"},\"image\":{\"@id\":\"https:\/\/blog.stolcomfort.com\/sv\/#\/schema\/logo\/image\/\"},\"sameAs\":[\"https:\/\/www.facebook.com\/Svenstol\/\",\"https:\/\/www.linkedin.com\/company\/stolcomfort\/\",\"https:\/\/www.youtube.com\/channel\/UC7KNpAmRRkovn2yHKpAfXhA\"]},{\"@type\":\"Person\",\"@id\":\"https:\/\/blog.stolcomfort.com\/sv\/#\/schema\/person\/71f0e96663221d8bfd2739fec42ffe33\",\"name\":\"creative feat\",\"image\":{\"@type\":\"ImageObject\",\"inLanguage\":\"sv-SE\",\"@id\":\"https:\/\/blog.stolcomfort.com\/sv\/#\/schema\/person\/image\/\",\"url\":\"https:\/\/secure.gravatar.com\/avatar\/b7c079e48546378401888964152a0693bb1d3057458197f18bd431b9231a7f7b?s=96&d=mm&r=g\",\"contentUrl\":\"https:\/\/secure.gravatar.com\/avatar\/b7c079e48546378401888964152a0693bb1d3057458197f18bd431b9231a7f7b?s=96&d=mm&r=g\",\"caption\":\"creative feat\"}}]}<\/script>\n<!-- \/ Yoast SEO plugin. -->","yoast_head_json":{"title":"Sommar, sol, cykel: Varf\u00f6r r\u00e4tt cykelsadel \u00e4r lika viktigt som en bra kontorsstol - Stolcomfort Blog","robots":{"index":"index","follow":"follow","max-snippet":"max-snippet:-1","max-image-preview":"max-image-preview:large","max-video-preview":"max-video-preview:-1"},"canonical":"https:\/\/blog.stolcomfort.com\/sv\/sommar-sol-cykel-varfor-ratt-cykelsadel-ar-lika-viktigt-som-en-bra-kontorsstol\/","og_locale":"sv_SE","og_type":"article","og_title":"Sommar, sol, cykel: Varf\u00f6r r\u00e4tt cykelsadel \u00e4r lika viktigt som en bra kontorsstol - Stolcomfort Blog","og_description":"Temperaturerna stiger, semestern b\u00f6rjar \u2013 och m\u00e5nga av oss tillbringar nu mer tid p\u00e5 cykeln igen. Oavsett om det \u00e4r p\u00e5 v\u00e4g till jobbet, p\u00e5...","og_url":"https:\/\/blog.stolcomfort.com\/sv\/sommar-sol-cykel-varfor-ratt-cykelsadel-ar-lika-viktigt-som-en-bra-kontorsstol\/","og_site_name":"Stolcomfort Blog","article_publisher":"https:\/\/www.facebook.com\/Svenstol\/","article_published_time":"2025-08-11T08:00:00+00:00","article_modified_time":"2025-09-02T14:21:50+00:00","og_image":[{"width":1200,"height":700,"url":"https:\/\/blog.stolcomfort.com\/wp-content\/uploads\/2025\/07\/fahrradfahrer-1.jpg","type":"image\/jpeg"}],"author":"creative feat","twitter_card":"summary_large_image","twitter_misc":{"Skriven av":"creative feat","Ber\u00e4knad l\u00e4stid":"4 minuter"},"schema":{"@context":"https:\/\/schema.org","@graph":[{"@type":"Article","@id":"https:\/\/blog.stolcomfort.com\/sv\/sommar-sol-cykel-varfor-ratt-cykelsadel-ar-lika-viktigt-som-en-bra-kontorsstol\/#article","isPartOf":{"@id":"https:\/\/blog.stolcomfort.com\/sv\/sommar-sol-cykel-varfor-ratt-cykelsadel-ar-lika-viktigt-som-en-bra-kontorsstol\/"},"author":{"name":"creative feat","@id":"https:\/\/blog.stolcomfort.com\/sv\/#\/schema\/person\/71f0e96663221d8bfd2739fec42ffe33"},"headline":"Sommar, sol, cykel: Varf\u00f6r r\u00e4tt cykelsadel \u00e4r lika viktigt som en bra kontorsstol","datePublished":"2025-08-11T08:00:00+00:00","dateModified":"2025-09-02T14:21:50+00:00","mainEntityOfPage":{"@id":"https:\/\/blog.stolcomfort.com\/sv\/sommar-sol-cykel-varfor-ratt-cykelsadel-ar-lika-viktigt-som-en-bra-kontorsstol\/"},"wordCount":631,"commentCount":0,"publisher":{"@id":"https:\/\/blog.stolcomfort.com\/sv\/#organization"},"image":{"@id":"https:\/\/blog.stolcomfort.com\/sv\/sommar-sol-cykel-varfor-ratt-cykelsadel-ar-lika-viktigt-som-en-bra-kontorsstol\/#primaryimage"},"thumbnailUrl":"https:\/\/blog.stolcomfort.com\/wp-content\/uploads\/2025\/07\/fahrradfahrer-1.jpg","articleSection":["Arbeitstips","Kontorsstolsguide","Ryggh\u00e4lsa"],"inLanguage":"sv-SE","potentialAction":[{"@type":"CommentAction","name":"Comment","target":["https:\/\/blog.stolcomfort.com\/sv\/sommar-sol-cykel-varfor-ratt-cykelsadel-ar-lika-viktigt-som-en-bra-kontorsstol\/#respond"]}]},{"@type":"WebPage","@id":"https:\/\/blog.stolcomfort.com\/sv\/sommar-sol-cykel-varfor-ratt-cykelsadel-ar-lika-viktigt-som-en-bra-kontorsstol\/","url":"https:\/\/blog.stolcomfort.com\/sv\/sommar-sol-cykel-varfor-ratt-cykelsadel-ar-lika-viktigt-som-en-bra-kontorsstol\/","name":"Sommar, sol, cykel: Varf\u00f6r r\u00e4tt cykelsadel \u00e4r lika viktigt som en bra kontorsstol - Stolcomfort Blog","isPartOf":{"@id":"https:\/\/blog.stolcomfort.com\/sv\/#website"},"primaryImageOfPage":{"@id":"https:\/\/blog.stolcomfort.com\/sv\/sommar-sol-cykel-varfor-ratt-cykelsadel-ar-lika-viktigt-som-en-bra-kontorsstol\/#primaryimage"},"image":{"@id":"https:\/\/blog.stolcomfort.com\/sv\/sommar-sol-cykel-varfor-ratt-cykelsadel-ar-lika-viktigt-som-en-bra-kontorsstol\/#primaryimage"},"thumbnailUrl":"https:\/\/blog.stolcomfort.com\/wp-content\/uploads\/2025\/07\/fahrradfahrer-1.jpg","datePublished":"2025-08-11T08:00:00+00:00","dateModified":"2025-09-02T14:21:50+00:00","breadcrumb":{"@id":"https:\/\/blog.stolcomfort.com\/sv\/sommar-sol-cykel-varfor-ratt-cykelsadel-ar-lika-viktigt-som-en-bra-kontorsstol\/#breadcrumb"},"inLanguage":"sv-SE","potentialAction":[{"@type":"ReadAction","target":["https:\/\/blog.stolcomfort.com\/sv\/sommar-sol-cykel-varfor-ratt-cykelsadel-ar-lika-viktigt-som-en-bra-kontorsstol\/"]}]},{"@type":"ImageObject","inLanguage":"sv-SE","@id":"https:\/\/blog.stolcomfort.com\/sv\/sommar-sol-cykel-varfor-ratt-cykelsadel-ar-lika-viktigt-som-en-bra-kontorsstol\/#primaryimage","url":"https:\/\/blog.stolcomfort.com\/wp-content\/uploads\/2025\/07\/fahrradfahrer-1.jpg","contentUrl":"https:\/\/blog.stolcomfort.com\/wp-content\/uploads\/2025\/07\/fahrradfahrer-1.jpg","width":1200,"height":700},{"@type":"BreadcrumbList","@id":"https:\/\/blog.stolcomfort.com\/sv\/sommar-sol-cykel-varfor-ratt-cykelsadel-ar-lika-viktigt-som-en-bra-kontorsstol\/#breadcrumb","itemListElement":[{"@type":"ListItem","position":1,"name":"Kontorsstolsguide","item":"https:\/\/blog.stolcomfort.com\/sv\/kategorie\/kontorsstolsguide\/"},{"@type":"ListItem","position":2,"name":"Sommar, sol, cykel: Varf\u00f6r r\u00e4tt cykelsadel \u00e4r lika viktigt som en bra kontorsstol"}]},{"@type":"WebSite","@id":"https:\/\/blog.stolcomfort.com\/sv\/#website","url":"https:\/\/blog.stolcomfort.com\/sv\/","name":"StolComfort GmbH | offizieller Blog","description":"","publisher":{"@id":"https:\/\/blog.stolcomfort.com\/sv\/#organization"},"potentialAction":[{"@type":"SearchAction","target":{"@type":"EntryPoint","urlTemplate":"https:\/\/blog.stolcomfort.com\/sv\/?s={search_term_string}"},"query-input":{"@type":"PropertyValueSpecification","valueRequired":true,"valueName":"search_term_string"}}],"inLanguage":"sv-SE"},{"@type":"Organization","@id":"https:\/\/blog.stolcomfort.com\/sv\/#organization","name":"StolComfort GmbH","url":"https:\/\/blog.stolcomfort.com\/sv\/","logo":{"@type":"ImageObject","inLanguage":"sv-SE","@id":"https:\/\/blog.stolcomfort.com\/sv\/#\/schema\/logo\/image\/","url":"https:\/\/blog.stolcomfort.com\/wp-content\/uploads\/2024\/07\/stolcomfort-logo.jpg","contentUrl":"https:\/\/blog.stolcomfort.com\/wp-content\/uploads\/2024\/07\/stolcomfort-logo.jpg","width":696,"height":696,"caption":"StolComfort GmbH"},"image":{"@id":"https:\/\/blog.stolcomfort.com\/sv\/#\/schema\/logo\/image\/"},"sameAs":["https:\/\/www.facebook.com\/Svenstol\/","https:\/\/www.linkedin.com\/company\/stolcomfort\/","https:\/\/www.youtube.com\/channel\/UC7KNpAmRRkovn2yHKpAfXhA"]},{"@type":"Person","@id":"https:\/\/blog.stolcomfort.com\/sv\/#\/schema\/person\/71f0e96663221d8bfd2739fec42ffe33","name":"creative feat","image":{"@type":"ImageObject","inLanguage":"sv-SE","@id":"https:\/\/blog.stolcomfort.com\/sv\/#\/schema\/person\/image\/","url":"https:\/\/secure.gravatar.com\/avatar\/b7c079e48546378401888964152a0693bb1d3057458197f18bd431b9231a7f7b?s=96&d=mm&r=g","contentUrl":"https:\/\/secure.gravatar.com\/avatar\/b7c079e48546378401888964152a0693bb1d3057458197f18bd431b9231a7f7b?s=96&d=mm&r=g","caption":"creative feat"}}]}},"_links":{"self":[{"href":"https:\/\/blog.stolcomfort.com\/sv\/wp-json\/wp\/v2\/posts\/1741","targetHints":{"allow":["GET"]}}],"collection":[{"href":"https:\/\/blog.stolcomfort.com\/sv\/wp-json\/wp\/v2\/posts"}],"about":[{"href":"https:\/\/blog.stolcomfort.com\/sv\/wp-json\/wp\/v2\/types\/post"}],"author":[{"embeddable":true,"href":"https:\/\/blog.stolcomfort.com\/sv\/wp-json\/wp\/v2\/users\/8"}],"replies":[{"embeddable":true,"href":"https:\/\/blog.stolcomfort.com\/sv\/wp-json\/wp\/v2\/comments?post=1741"}],"version-history":[{"count":2,"href":"https:\/\/blog.stolcomfort.com\/sv\/wp-json\/wp\/v2\/posts\/1741\/revisions"}],"predecessor-version":[{"id":1767,"href":"https:\/\/blog.stolcomfort.com\/sv\/wp-json\/wp\/v2\/posts\/1741\/revisions\/1767"}],"wp:featuredmedia":[{"embeddable":true,"href":"https:\/\/blog.stolcomfort.com\/sv\/wp-json\/wp\/v2\/media\/1676"}],"wp:attachment":[{"href":"https:\/\/blog.stolcomfort.com\/sv\/wp-json\/wp\/v2\/media?parent=1741"}],"wp:term":[{"taxonomy":"category","embeddable":true,"href":"https:\/\/blog.stolcomfort.com\/sv\/wp-json\/wp\/v2\/categories?post=1741"},{"taxonomy":"post_tag","embeddable":true,"href":"https:\/\/blog.stolcomfort.com\/sv\/wp-json\/wp\/v2\/tags?post=1741"}],"curies":[{"name":"wp","href":"https:\/\/api.w.org\/{rel}","templated":true}]}}